{"id":935,"date":"2025-10-28T21:49:44","date_gmt":"2025-10-28T20:49:44","guid":{"rendered":"https:\/\/kleinkunst-in-manderscheid.de\/?p=935"},"modified":"2025-10-28T21:50:37","modified_gmt":"2025-10-28T20:50:37","slug":"13-12-2025-weihnachtskonzert-mit-dem-trio-merain-in-der-evangelischen-kirche-in-manderscheid","status":"publish","type":"post","link":"https:\/\/kleinkunst-in-manderscheid.de\/?p=935","title":{"rendered":"13.12.2025 &#8211; Weihnachtskonzert mit dem Trio Merain in der Evangelischen Kirche in Manderscheid"},"content":{"rendered":"<p><strong>Weihnachtskl\u00e4nge mit exotischem Twist<\/strong><\/p>\n<p>\u201e<em>A Celtic &amp; Colourful Christmas\u201c \u2013 Trio Merain<\/em><\/p>\n<p>Erlebe Merain am 13. Dezember live in Manderscheid ! Das Weihnachtskonzert zum Tr\u00e4umen, Staunen und Genie\u00dfen.<\/p>\n<p>Merains Weihnachtskonzert ist stilvoll, fr\u00f6hlich, \u00fcberraschend und herzerw\u00e4rmend. Genau das, wonach man sich in der festlichen Vorweihnachtszeit sehnt ! Mit keltischer Harfe, Violine, Percussion und Gesang entf\u00fchrt Merain das Publikum auf eine musikalische Reise rund um den Globus. Anl\u00e4sslich ihres 15-j\u00e4hrigen Bestehens hat das niederl\u00e4ndische Trio in diesem Jahr ein besonders festliches und exotisches Konzertprogramm zusammengestellt. Neben Weihnachtsmusik aus Griechenland, Deutschland, den Niederlanden und Irland erklingen auch Lieder aus S\u00fcdamerika, Afrika, dem Nahen Osten und Asien. Das klassisch ausgebildete Trio l\u00e4sst traditionelle Weihnachtslieder in neuem Glanz erstrahlen, und rahmt das Programm mit mitrei\u00dfender Instrumentalmusik wie Jigs und Reels sowie lebendigen Moderationen stimmungsvoll ein.<\/p>\n<p>Ein Weihnachtskonzert f\u00fcr die ganze Familie \u2013 voller W\u00e4rme, Tiefe und musikalischer \u00dcberraschungen: <em>\u201eKlangzauber der au\u00dfergew\u00f6hnlichen Art\u201c<\/em><\/p>\n<p>Das Trio Merain zieht ein breites Publikum an, vom Kammermusikfreund bis zum Volksmusikliebhaber. In den Konzerten schaffen die Musikerinnen eine intime Atmosph\u00e4re, in der das Publikum entspannt wegtr\u00e4umen kann. Das Trio konzertiert in den Niederlanden, Deutschland und Luxemburg, ist regelm\u00e4\u00dfig live zu Gast in den niederl\u00e4ndischen Rundfunksendungen und hat bislang drei CDs herausgebracht.<\/p>\n<p>Zu h\u00f6ren am <strong>Samstag, 13. Dezember 2025, 19.30 Uhr <\/strong>in der<strong> Evangelischen Kirche in Manderscheid<\/strong><\/p>\n<p><strong>Eintrittskarten zu Euro 15,- im Vorverkauf und zu Euro 17,- an der Abendkasse<\/strong><\/p>\n<p><strong>Vorverkauf \u00fcber Ticket Regional sowie in der Manufaktur Moll und der TouristInfo in Manderscheid<\/strong><\/p>\n<p>&nbsp;<\/p>\n<p>&nbsp;<\/p>\n","protected":false},"excerpt":{"rendered":"<p>Weihnachtskl\u00e4nge mit exotischem Twist \u201eA Celtic &amp; Colourful Christmas\u201c \u2013 Trio Merain Erlebe Merain am 13. Dezember live in Manderscheid<\/p>\n","protected":false},"author":4,"featured_media":936,"comment_status":"open","ping_status":"open","sticky":false,"template":"","format":"standard","meta":{"colormag_page_container_layout":"default_layout","colormag_page_sidebar_layout":"default_layout","footnotes":""},"categories":[26],"tags":[],"class_list":["post-935","post","type-post","status-publish","format-standard","has-post-thumbnail","hentry","category-kulturuebergreifende-musik"],"_links":{"self":[{"href":"https:\/\/kleinkunst-in-manderscheid.de\/index.php?rest_route=\/wp\/v2\/posts\/935","targetHints":{"allow":["GET"]}}],"collection":[{"href":"https:\/\/kleinkunst-in-manderscheid.de\/index.php?rest_route=\/wp\/v2\/posts"}],"about":[{"href":"https:\/\/kleinkunst-in-manderscheid.de\/index.php?rest_route=\/wp\/v2\/types\/post"}],"author":[{"embeddable":true,"href":"https:\/\/kleinkunst-in-manderscheid.de\/index.php?rest_route=\/wp\/v2\/users\/4"}],"replies":[{"embeddable":true,"href":"https:\/\/kleinkunst-in-manderscheid.de\/index.php?rest_route=%2Fwp%2Fv2%2Fcomments&post=935"}],"version-history":[{"count":2,"href":"https:\/\/kleinkunst-in-manderscheid.de\/index.php?rest_route=\/wp\/v2\/posts\/935\/revisions"}],"predecessor-version":[{"id":938,"href":"https:\/\/kleinkunst-in-manderscheid.de\/index.php?rest_route=\/wp\/v2\/posts\/935\/revisions\/938"}],"wp:featuredmedia":[{"embeddable":true,"href":"https:\/\/kleinkunst-in-manderscheid.de\/index.php?rest_route=\/wp\/v2\/media\/936"}],"wp:attachment":[{"href":"https:\/\/kleinkunst-in-manderscheid.de\/index.php?rest_route=%2Fwp%2Fv2%2Fmedia&parent=935"}],"wp:term":[{"taxonomy":"category","embeddable":true,"href":"https:\/\/kleinkunst-in-manderscheid.de\/index.php?rest_route=%2Fwp%2Fv2%2Fcategories&post=935"},{"taxonomy":"post_tag","embeddable":true,"href":"https:\/\/kleinkunst-in-manderscheid.de\/index.php?rest_route=%2Fwp%2Fv2%2Ftags&post=935"}],"curies":[{"name":"wp","href":"https:\/\/api.w.org\/{rel}","templated":true}]}}