{"id":901,"date":"2025-03-05T20:47:56","date_gmt":"2025-03-05T19:47:56","guid":{"rendered":"https:\/\/kleinkunst-in-manderscheid.de\/?p=901"},"modified":"2025-03-05T20:47:56","modified_gmt":"2025-03-05T19:47:56","slug":"18-05-2025-tarabbach-quartett-in-manderscheid","status":"publish","type":"post","link":"https:\/\/kleinkunst-in-manderscheid.de\/?p=901","title":{"rendered":"18.05.2025 &#8211; T&#8217;arabBach Quartett in Manderscheid"},"content":{"rendered":"<p>T&#8217;arabBach &#8211; der Name ist Programm. T&#8217;arab ist ein Begriff aus der arabischen Welt und beschreibt den Zustand, durch Musik tief ber\u00fchrt zu sein. Die Musik von Bach bildet den roten Faden durch das Konzert. Neben klassischen arabischen Kompositionen, eigenen Arrangements und St\u00fccken, begegnet der Zuh\u00f6rer auch den Kl\u00e4ngen Bachs in nah\u00f6stlicher Gestalt. Ein kultur\u00fcbergreifendes, packendes Programm voller \u00dcberraschungen und Emotionen.<\/p>\n<p>Nach dem besonderen Erfolg ihres letzten Konzertes freut sich der Kleinkunstverein in Manderscheid \u00fcber ein weiteres Gastspiel der Gruppe mit neuem Programm.<\/p>\n<p>Es spielen <strong>Saif Al Khayyat<\/strong> (Oud), <strong>Theo van de Poel<\/strong> (Akkordeon), <strong>Angela Simons<\/strong> (Violoncello) und <strong>Ahmad Abu Siam<\/strong> (Percussion).<\/p>\n<p><strong>Kurhaus Manderscheid,<\/strong> <strong>18. Mai 2025, um 17 Uhr<\/strong><\/p>\n<p><strong>Eintritt : VVK 15,- \u20ac, Abendkasse 17,- \u20ac <\/strong><\/p>\n<p><strong>Vorverkauf \u00fcber Ticket Regional, der Manufactur Moll und der Touristinfo in Manderscheid<\/strong><\/p>\n<p>&nbsp;<\/p>\n","protected":false},"excerpt":{"rendered":"<p>T&#8217;arabBach &#8211; der Name ist Programm. T&#8217;arab ist ein Begriff aus der arabischen Welt und beschreibt den Zustand, durch Musik<\/p>\n","protected":false},"author":4,"featured_media":902,"comment_status":"open","ping_status":"open","sticky":false,"template":"","format":"standard","meta":{"colormag_page_container_layout":"default_layout","colormag_page_sidebar_layout":"default_layout","footnotes":""},"categories":[26],"tags":[],"class_list":["post-901","post","type-post","status-publish","format-standard","has-post-thumbnail","hentry","category-kulturuebergreifende-musik"],"_links":{"self":[{"href":"https:\/\/kleinkunst-in-manderscheid.de\/index.php?rest_route=\/wp\/v2\/posts\/901","targetHints":{"allow":["GET"]}}],"collection":[{"href":"https:\/\/kleinkunst-in-manderscheid.de\/index.php?rest_route=\/wp\/v2\/posts"}],"about":[{"href":"https:\/\/kleinkunst-in-manderscheid.de\/index.php?rest_route=\/wp\/v2\/types\/post"}],"author":[{"embeddable":true,"href":"https:\/\/kleinkunst-in-manderscheid.de\/index.php?rest_route=\/wp\/v2\/users\/4"}],"replies":[{"embeddable":true,"href":"https:\/\/kleinkunst-in-manderscheid.de\/index.php?rest_route=%2Fwp%2Fv2%2Fcomments&post=901"}],"version-history":[{"count":1,"href":"https:\/\/kleinkunst-in-manderscheid.de\/index.php?rest_route=\/wp\/v2\/posts\/901\/revisions"}],"predecessor-version":[{"id":903,"href":"https:\/\/kleinkunst-in-manderscheid.de\/index.php?rest_route=\/wp\/v2\/posts\/901\/revisions\/903"}],"wp:featuredmedia":[{"embeddable":true,"href":"https:\/\/kleinkunst-in-manderscheid.de\/index.php?rest_route=\/wp\/v2\/media\/902"}],"wp:attachment":[{"href":"https:\/\/kleinkunst-in-manderscheid.de\/index.php?rest_route=%2Fwp%2Fv2%2Fmedia&parent=901"}],"wp:term":[{"taxonomy":"category","embeddable":true,"href":"https:\/\/kleinkunst-in-manderscheid.de\/index.php?rest_route=%2Fwp%2Fv2%2Fcategories&post=901"},{"taxonomy":"post_tag","embeddable":true,"href":"https:\/\/kleinkunst-in-manderscheid.de\/index.php?rest_route=%2Fwp%2Fv2%2Ftags&post=901"}],"curies":[{"name":"wp","href":"https:\/\/api.w.org\/{rel}","templated":true}]}}