{"id":861,"date":"2024-11-05T10:52:04","date_gmt":"2024-11-05T09:52:04","guid":{"rendered":"https:\/\/kleinkunst-in-manderscheid.de\/?p=861"},"modified":"2024-11-05T11:02:11","modified_gmt":"2024-11-05T10:02:11","slug":"16-11-2024-der-black-singt","status":"publish","type":"post","link":"https:\/\/kleinkunst-in-manderscheid.de\/?p=861","title":{"rendered":"16.11.2024 &#8222;Der Black singt&#8220;"},"content":{"rendered":"<p>Der bekannte Liedermacher Lothar Lechleiter &#8211; besser bekannt als Partner des Gesangsduos <em>Schobert &amp; Black<\/em> &#8211; tritt im Lokal &#8222;Alte Molkerei&#8220; auf! Black ist ein bisschen was von allem: politischer Liedermacher, Volkss\u00e4nger, Rezitator, Kom\u00f6diant und nicht zuletzt unvergleichlicher S\u00e4nger. Seine Gitarre und er vermitteln Themen der gro\u00dfen und kleinen Aufreger aus Politik und Alltag, mal tragikomisch, mal angemessen-ironisch, immer kritisch und nie vordergr\u00fcndig-plakativ. Seine \u00fcber mehrere Oktaven reichende Stimme beherrscht sowohl die lauten wie die leisen T\u00f6ne, manchmal auch im ostpreu\u00dfischen Dialekt seiner Heimat. Das Publikum kann sich auf einen kurzweiligen Abend freuen, der mit Sicherheit lange in Erinnerung bleiben wird.<\/p>\n<p>Um 19:00 Uhr in der &#8222;Alten Molkerei&#8220; in Manderscheid &#8211; Eintritt frei &#8211; Um Spenden wird gebeten ! Bitte beachten Sie die begrenzte Anzahl an Sitzpl\u00e4tzen !<\/p>\n\n\n<p><\/p>\n","protected":false},"excerpt":{"rendered":"<p>Der bekannte Liedermacher Lothar Lechleiter &#8211; besser bekannt als Partner des Gesangsduos Schobert &amp; Black &#8211; tritt im Lokal &#8222;Alte<\/p>\n","protected":false},"author":4,"featured_media":872,"comment_status":"open","ping_status":"open","sticky":false,"template":"","format":"standard","meta":{"colormag_page_container_layout":"default_layout","colormag_page_sidebar_layout":"default_layout","footnotes":""},"categories":[28],"tags":[],"class_list":["post-861","post","type-post","status-publish","format-standard","has-post-thumbnail","hentry","category-liedermacher"],"_links":{"self":[{"href":"https:\/\/kleinkunst-in-manderscheid.de\/index.php?rest_route=\/wp\/v2\/posts\/861","targetHints":{"allow":["GET"]}}],"collection":[{"href":"https:\/\/kleinkunst-in-manderscheid.de\/index.php?rest_route=\/wp\/v2\/posts"}],"about":[{"href":"https:\/\/kleinkunst-in-manderscheid.de\/index.php?rest_route=\/wp\/v2\/types\/post"}],"author":[{"embeddable":true,"href":"https:\/\/kleinkunst-in-manderscheid.de\/index.php?rest_route=\/wp\/v2\/users\/4"}],"replies":[{"embeddable":true,"href":"https:\/\/kleinkunst-in-manderscheid.de\/index.php?rest_route=%2Fwp%2Fv2%2Fcomments&post=861"}],"version-history":[{"count":7,"href":"https:\/\/kleinkunst-in-manderscheid.de\/index.php?rest_route=\/wp\/v2\/posts\/861\/revisions"}],"predecessor-version":[{"id":874,"href":"https:\/\/kleinkunst-in-manderscheid.de\/index.php?rest_route=\/wp\/v2\/posts\/861\/revisions\/874"}],"wp:featuredmedia":[{"embeddable":true,"href":"https:\/\/kleinkunst-in-manderscheid.de\/index.php?rest_route=\/wp\/v2\/media\/872"}],"wp:attachment":[{"href":"https:\/\/kleinkunst-in-manderscheid.de\/index.php?rest_route=%2Fwp%2Fv2%2Fmedia&parent=861"}],"wp:term":[{"taxonomy":"category","embeddable":true,"href":"https:\/\/kleinkunst-in-manderscheid.de\/index.php?rest_route=%2Fwp%2Fv2%2Fcategories&post=861"},{"taxonomy":"post_tag","embeddable":true,"href":"https:\/\/kleinkunst-in-manderscheid.de\/index.php?rest_route=%2Fwp%2Fv2%2Ftags&post=861"}],"curies":[{"name":"wp","href":"https:\/\/api.w.org\/{rel}","templated":true}]}}