{"id":835,"date":"2024-09-30T09:48:09","date_gmt":"2024-09-30T07:48:09","guid":{"rendered":"https:\/\/kleinkunst-in-manderscheid.de\/?p=835"},"modified":"2024-09-30T09:57:19","modified_gmt":"2024-09-30T07:57:19","slug":"12-10-2024-kurhaus-manderscheid","status":"publish","type":"post","link":"https:\/\/kleinkunst-in-manderscheid.de\/?p=835","title":{"rendered":"12.10.2024, Wohl bekloppt geworden \u2013 Die Comedy Mix Show Das Original aus dem Atelier Theater K\u00f6ln"},"content":{"rendered":"<p>Seit 2001 pr\u00e4sentiert das K\u00f6lner Atelier Theater in seinem Mix-Show-Dauerbrenner \u201eWohl bekloppt geworden\u201c die beklopptesten Stars aus Comedy, Kabarett und allen humoristischen Randgebieten. Jetzt findet die Show zum zweiten Mal \u201eim Exil\u201c im Kurhaus Manderscheid statt.<\/p>\n<p>Es werden auftreten: <strong>Gerd Buurmann<\/strong>, Schauspieler, Stand-Up Comedian und Kabarettist. Mit seinen Vortr\u00e4gen \u00fcber Heinrich Heine, Hedwig Dohm und dem \u201eNathan- sowie \u201eLoreley-Komplex ist er in ganz Deutschland unterwegs.<\/p>\n<p><img loading=\"lazy\" decoding=\"async\" class=\"alignnone size-full wp-image-838\" src=\"https:\/\/kleinkunst-in-manderscheid.de\/wp-content\/uploads\/2024\/09\/Gerd-Buurmann.jpg\" alt=\"\" width=\"1181\" height=\"787\" srcset=\"https:\/\/kleinkunst-in-manderscheid.de\/wp-content\/uploads\/2024\/09\/Gerd-Buurmann.jpg 1181w, https:\/\/kleinkunst-in-manderscheid.de\/wp-content\/uploads\/2024\/09\/Gerd-Buurmann-300x200.jpg 300w, https:\/\/kleinkunst-in-manderscheid.de\/wp-content\/uploads\/2024\/09\/Gerd-Buurmann-1024x682.jpg 1024w, https:\/\/kleinkunst-in-manderscheid.de\/wp-content\/uploads\/2024\/09\/Gerd-Buurmann-150x100.jpg 150w, https:\/\/kleinkunst-in-manderscheid.de\/wp-content\/uploads\/2024\/09\/Gerd-Buurmann-768x512.jpg 768w\" sizes=\"auto, (max-width: 1181px) 100vw, 1181px\" \/><\/p>\n<p><strong>Gudrun H\u00f6pker <\/strong>, Vielen noch von WDR 2 bekannt, tritt als hochneurotische Frau auf, die sich \u00fcber das uneinheitliche Klingelschild sowie die liegende Tulpenpracht im Balkonkasten aufregt und zum Thema macht.<\/p>\n<p><img loading=\"lazy\" decoding=\"async\" class=\"alignnone size-full wp-image-839\" src=\"https:\/\/kleinkunst-in-manderscheid.de\/wp-content\/uploads\/2024\/09\/Gudrun-Hoepker.jpg\" alt=\"\" width=\"1181\" height=\"1084\" srcset=\"https:\/\/kleinkunst-in-manderscheid.de\/wp-content\/uploads\/2024\/09\/Gudrun-Hoepker.jpg 1181w, https:\/\/kleinkunst-in-manderscheid.de\/wp-content\/uploads\/2024\/09\/Gudrun-Hoepker-300x275.jpg 300w, https:\/\/kleinkunst-in-manderscheid.de\/wp-content\/uploads\/2024\/09\/Gudrun-Hoepker-1024x940.jpg 1024w, https:\/\/kleinkunst-in-manderscheid.de\/wp-content\/uploads\/2024\/09\/Gudrun-Hoepker-150x138.jpg 150w, https:\/\/kleinkunst-in-manderscheid.de\/wp-content\/uploads\/2024\/09\/Gudrun-Hoepker-768x705.jpg 768w\" sizes=\"auto, (max-width: 1181px) 100vw, 1181px\" \/><\/p>\n<p><strong>Torsten Schlosser <\/strong>wird &#8211; wie letztes Mal &#8211; souver\u00e4n durch das Programm f\u00fchren, moderieren und die verschiedenen Genres zusammenf\u00fchren. Man kennt ihn aus der letzten Show als \u201eeschten Kabarettisten\u201c, mal politisch spitz, mal sinnfrei absurd, aber immer unterhaltsam und f\u00fcr manchen Lacher gut.<\/p>\n<p><img loading=\"lazy\" decoding=\"async\" class=\"alignnone size-full wp-image-840\" src=\"https:\/\/kleinkunst-in-manderscheid.de\/wp-content\/uploads\/2024\/09\/Torsten-Schlosser_2021-1_Copyright-Uta-Wagner.jpg\" alt=\"\" width=\"787\" height=\"1181\" srcset=\"https:\/\/kleinkunst-in-manderscheid.de\/wp-content\/uploads\/2024\/09\/Torsten-Schlosser_2021-1_Copyright-Uta-Wagner.jpg 787w, https:\/\/kleinkunst-in-manderscheid.de\/wp-content\/uploads\/2024\/09\/Torsten-Schlosser_2021-1_Copyright-Uta-Wagner-200x300.jpg 200w, https:\/\/kleinkunst-in-manderscheid.de\/wp-content\/uploads\/2024\/09\/Torsten-Schlosser_2021-1_Copyright-Uta-Wagner-682x1024.jpg 682w, https:\/\/kleinkunst-in-manderscheid.de\/wp-content\/uploads\/2024\/09\/Torsten-Schlosser_2021-1_Copyright-Uta-Wagner-100x150.jpg 100w, https:\/\/kleinkunst-in-manderscheid.de\/wp-content\/uploads\/2024\/09\/Torsten-Schlosser_2021-1_Copyright-Uta-Wagner-768x1152.jpg 768w\" sizes=\"auto, (max-width: 787px) 100vw, 787px\" \/><\/p>\n<p>&nbsp;<\/p>\n<p><strong>12.10.2024, Kurhaus Manderscheid, 20 Uhr, Eintritt 15\u20ac VVK, 17\u20ac Abendkasse<\/strong><\/p>\n<p><strong>VVK:\u00a0 Manufaktur Moll + Touristinfo Manderscheid + Ticket Regional<\/strong><\/p>\n<p>&nbsp;<\/p>\n<hr \/>\n<p><strong>Gerd Buurmann<\/strong><br \/>\nAls Theatermensch spielt, schreibt und inszeniert Gerd Buurmann in diversen freien Theatern von K\u00f6ln bis Berlin. Er ist Schauspieler, Stand-Up Comedian und Kabarettist. Im Jahr 2007 erfand er die mittlerweile europaweit erfolgreiche B\u00fchnenshow \u201eKunst gegen Bares\u201c. Mit seinen Vortr\u00e4gen \u00fcber Heinrich Heine, Hedwig Dohm und den von ihm entwickelten Begriffen des \u201eNathan-Komplex\u201c und des \u201eLoreley-Komplex\u201c ist er in ganz Deutschland unterwegs. Sein Lebensmotto hat er von Kermit, dem Frosch: \u201eNimm, was Du hast und flieg damit!\u201c www.buurmann.de<\/p>\n<p><strong>Gudrun H\u00f6pker<\/strong><br \/>\nWie sieht die Welt aus f\u00fcr eine hochneurotische Frau, die alles kann? Gudrun H\u00f6pker, die Frau, die viele noch aus dem\u00a0Radio kennen, von WDR 2, sieht alles. Vor allem die\u00a0Dinge, die andere gerne \u00fcbersehen. Genau darin steckt so viel Humor: ob es das uneinheitliche Klingelschild an\u00a0ihrer Haust\u00fcr ist, die liegende Tulpenpracht im Balkonkasten oder eine geliehene Plastikt\u00fcte. Urkomisch zeigt\u00a0Gudrun H\u00f6pker mit dem Zeigefinger nicht auf andere, sondern auf sich selbst. www.gudrun-hoepker.de<\/p>\n<p>&nbsp;<\/p>\n<p>Torsten Schlosser (Moderation)<br \/>\nTorsten Schlosser \u2013 seit 2013 zum festen Inventar der Ehrenfelder Kult-Reihe \u201eEscht Kabarett\u201c geh\u00f6rend \u2013 ist ein Meister des Cross-Genre. Der B\u00fchnen-Anarchist poltert durch die Kabarett- und Comedy-Schubladen wie ein Elefant durch den Porzellanladen \u2013 mal politisch spitz, mal sinnfrei absurd. Das K\u00f6lner Kulturmagazin choices nennt ihn den \u201ederzeit unberechenbarsten aller K\u00f6lner Kabarettisten\u201c. Torsten Schlosser war f\u00fcr zahlreiche Kabarett-Preise nominiert und erreichte in 2016 den 3. Platz des Rostocker und des Fr\u00e4nkischen Kabarettpreises. Er hatte TV-Auftritte beim \u201eNDR Comedy Contest\u201c, den \u201eMitternachtsspitzen\u201c und beim \u201eGro\u00dfen Kleinkunstfestival\u201c der W\u00fchlm\u00e4use Berlin. 2019 wurde er mit dem \u201eStuttgarter Besen\u201c in Holz ausgezeichnet. Er ist regelm\u00e4\u00dfiger Gast im \u201eQuatsch Comedy Club\u201c. www.torsten-schlosser.de<\/p>\n","protected":false},"excerpt":{"rendered":"<p>Seit 2001 pr\u00e4sentiert das K\u00f6lner Atelier Theater in seinem Mix-Show-Dauerbrenner \u201eWohl bekloppt geworden\u201c die beklopptesten Stars aus Comedy, Kabarett und<\/p>\n","protected":false},"author":1,"featured_media":841,"comment_status":"open","ping_status":"open","sticky":false,"template":"","format":"standard","meta":{"colormag_page_container_layout":"default_layout","colormag_page_sidebar_layout":"default_layout","footnotes":""},"categories":[13],"tags":[],"class_list":["post-835","post","type-post","status-publish","format-standard","has-post-thumbnail","hentry","category-comedy"],"_links":{"self":[{"href":"https:\/\/kleinkunst-in-manderscheid.de\/index.php?rest_route=\/wp\/v2\/posts\/835","targetHints":{"allow":["GET"]}}],"collection":[{"href":"https:\/\/kleinkunst-in-manderscheid.de\/index.php?rest_route=\/wp\/v2\/posts"}],"about":[{"href":"https:\/\/kleinkunst-in-manderscheid.de\/index.php?rest_route=\/wp\/v2\/types\/post"}],"author":[{"embeddable":true,"href":"https:\/\/kleinkunst-in-manderscheid.de\/index.php?rest_route=\/wp\/v2\/users\/1"}],"replies":[{"embeddable":true,"href":"https:\/\/kleinkunst-in-manderscheid.de\/index.php?rest_route=%2Fwp%2Fv2%2Fcomments&post=835"}],"version-history":[{"count":4,"href":"https:\/\/kleinkunst-in-manderscheid.de\/index.php?rest_route=\/wp\/v2\/posts\/835\/revisions"}],"predecessor-version":[{"id":843,"href":"https:\/\/kleinkunst-in-manderscheid.de\/index.php?rest_route=\/wp\/v2\/posts\/835\/revisions\/843"}],"wp:featuredmedia":[{"embeddable":true,"href":"https:\/\/kleinkunst-in-manderscheid.de\/index.php?rest_route=\/wp\/v2\/media\/841"}],"wp:attachment":[{"href":"https:\/\/kleinkunst-in-manderscheid.de\/index.php?rest_route=%2Fwp%2Fv2%2Fmedia&parent=835"}],"wp:term":[{"taxonomy":"category","embeddable":true,"href":"https:\/\/kleinkunst-in-manderscheid.de\/index.php?rest_route=%2Fwp%2Fv2%2Fcategories&post=835"},{"taxonomy":"post_tag","embeddable":true,"href":"https:\/\/kleinkunst-in-manderscheid.de\/index.php?rest_route=%2Fwp%2Fv2%2Ftags&post=835"}],"curies":[{"name":"wp","href":"https:\/\/api.w.org\/{rel}","templated":true}]}}