{"id":810,"date":"2024-05-28T17:01:02","date_gmt":"2024-05-28T15:01:02","guid":{"rendered":"https:\/\/kleinkunst-in-manderscheid.de\/?p=810"},"modified":"2024-09-30T09:45:36","modified_gmt":"2024-09-30T07:45:36","slug":"8-6-2024-musik-grenzenlos-zauber-der-kulturen-am-8-und-9-juni-im-kurpark-manderscheid","status":"publish","type":"post","link":"https:\/\/kleinkunst-in-manderscheid.de\/?p=810","title":{"rendered":"08.\/09.06.2024 Musik grenzenlos\u00a0 &#8211;\u00a0\u00a0Zauber der Kulturen am 8. und 9. Juni im Kurpark Manderscheid"},"content":{"rendered":"<div>\n<div>Sein schon zur Tradition gewordenes Openair-Kurparkfest er\u00f6ffnet der Kleinkunstverein Manderscheid (KiM) in diesem Jahr mit\u00a0<strong>peruanischer Musik und Tanz<\/strong>, dargeboten von einer Musikgruppe aus den Anden S\u00fcdamerikas:<\/div>\n<div><\/div>\n<div><strong>Wayqikuna,\u00a0<\/strong><\/div>\n<div>was auf Quechua \u201eGeschwister\u201c bedeutet. Mit Freude und Engagement m\u00f6chte die Gruppe die bewundernswerten Landschaften der Anden durch eine musikalische Reise in Kl\u00e4ngen und T\u00e4nzen lebendig werden lassen. In ihren landestypischen Kost\u00fcmen werden sie mit Sicherheit Augen und Ohren in Bann ziehen:\u00a0<strong>Samstag, 8. Juni, um 17 Uhr !<\/strong><\/div>\n<div><\/div>\n<div><strong>Ab 19.30 Uhr<\/strong>\u00a0laden am Samstag Abend das Trio \u00a0<strong>\u201eTinnef\u201c\u00a0<\/strong>und das Ensemble\u00a0<strong>\u201eEskapade\u201c\u00a0<\/strong>zu einer gro\u00dfen Portion Cross-Over feuriger handgemachter \u201eGourmet-Musik\u201c, gepaart mit Liebe und Spielfreude !<\/div>\n<div class=\"default-style\"><\/div>\n<div class=\"default-style\"><strong>Am Sonntag <\/strong><strong>9. Juni: <\/strong><\/div>\n<div class=\"default-style\"><strong>12 Uhr Er\u00f6ffnung\u00a0<\/strong>und um\u00a0<strong>12.30 Uhr Mittagskonzert<\/strong>\u00a0mit dem\u00a0<strong>Manderscheider Musikverein,<\/strong><\/div>\n<div class=\"default-style\">um\u00a0<strong>14 Uhr Zaubershow f\u00fcr Kinder<\/strong>\u00a0(und Erwachsene) mit Hamid Mostofi.<\/div>\n<div class=\"default-style\">Den Abschluss des Festes bildet der Chor\u00a0<strong>\u201eKaribu\u201c um 15.30 Uhr\u00a0<\/strong>mit afrikanischen und vielen anderen Liedern.<\/div>\n<div class=\"default-style\"><\/div>\n<div class=\"default-style\">Im Laufe des Sonntag Nachmittags wird immer wieder \u201eSport und Spiel\u201c f\u00fcr Kinder angeboten.<\/div>\n<div><\/div>\n<div>An beiden Tagen ist der\u00a0<strong>Eintritt frei, um Spenden wird gebeten<\/strong>. F\u00fcr das leibliche Wohl von Gro\u00df und Klein wird ebenfalls gesorgt sein.<\/div>\n<div><\/div>\n<p>Wir freuen uns auf Ihr Kommen !<\/p>\n<div><\/div>\n<p><strong>Ihr KIM e.V.<\/strong><\/p>\n<\/div>\n","protected":false},"excerpt":{"rendered":"<p>Sein schon zur Tradition gewordenes Openair-Kurparkfest er\u00f6ffnet der Kleinkunstverein Manderscheid (KiM) in diesem Jahr mit\u00a0peruanischer Musik und Tanz, dargeboten von<\/p>\n","protected":false},"author":1,"featured_media":812,"comment_status":"open","ping_status":"open","sticky":false,"template":"","format":"standard","meta":{"colormag_page_container_layout":"default_layout","colormag_page_sidebar_layout":"default_layout","footnotes":""},"categories":[24,19],"tags":[],"class_list":["post-810","post","type-post","status-publish","format-standard","has-post-thumbnail","hentry","category-kurparkfest","category-vergangene-veranstaltung"],"_links":{"self":[{"href":"https:\/\/kleinkunst-in-manderscheid.de\/index.php?rest_route=\/wp\/v2\/posts\/810","targetHints":{"allow":["GET"]}}],"collection":[{"href":"https:\/\/kleinkunst-in-manderscheid.de\/index.php?rest_route=\/wp\/v2\/posts"}],"about":[{"href":"https:\/\/kleinkunst-in-manderscheid.de\/index.php?rest_route=\/wp\/v2\/types\/post"}],"author":[{"embeddable":true,"href":"https:\/\/kleinkunst-in-manderscheid.de\/index.php?rest_route=\/wp\/v2\/users\/1"}],"replies":[{"embeddable":true,"href":"https:\/\/kleinkunst-in-manderscheid.de\/index.php?rest_route=%2Fwp%2Fv2%2Fcomments&post=810"}],"version-history":[{"count":3,"href":"https:\/\/kleinkunst-in-manderscheid.de\/index.php?rest_route=\/wp\/v2\/posts\/810\/revisions"}],"predecessor-version":[{"id":814,"href":"https:\/\/kleinkunst-in-manderscheid.de\/index.php?rest_route=\/wp\/v2\/posts\/810\/revisions\/814"}],"wp:featuredmedia":[{"embeddable":true,"href":"https:\/\/kleinkunst-in-manderscheid.de\/index.php?rest_route=\/wp\/v2\/media\/812"}],"wp:attachment":[{"href":"https:\/\/kleinkunst-in-manderscheid.de\/index.php?rest_route=%2Fwp%2Fv2%2Fmedia&parent=810"}],"wp:term":[{"taxonomy":"category","embeddable":true,"href":"https:\/\/kleinkunst-in-manderscheid.de\/index.php?rest_route=%2Fwp%2Fv2%2Fcategories&post=810"},{"taxonomy":"post_tag","embeddable":true,"href":"https:\/\/kleinkunst-in-manderscheid.de\/index.php?rest_route=%2Fwp%2Fv2%2Ftags&post=810"}],"curies":[{"name":"wp","href":"https:\/\/api.w.org\/{rel}","templated":true}]}}