{"id":436,"date":"2021-06-17T12:43:43","date_gmt":"2021-06-17T10:43:43","guid":{"rendered":"https:\/\/kleinkunst-in-manderscheid.de\/?p=436"},"modified":"2021-08-09T20:44:04","modified_gmt":"2021-08-09T18:44:04","slug":"2o-08-22-08-2021-kleinkunstfestival-im-kurpark-manderscheid","status":"publish","type":"post","link":"https:\/\/kleinkunst-in-manderscheid.de\/?p=436","title":{"rendered":"20.08.  &#8222;Kleinkunstfestival&#8220; im Kurpark Manderscheid 20.08. &#8211; 22.08.2021"},"content":{"rendered":"<p>Freitag 20.08.2021<\/p>\n<p>19:00 Uhr im Kurpark<\/p>\n<p>Konzert 4 of Us<\/p>\n<p>&nbsp;<\/p>\n<p>Unter dem Titel \u201eBei mir bist du scheeen!\u201c erklingen Lieder von Liebesleid und Liebesfreud aus allen Epochen der popul\u00e4ren Musik in deutscher Sprache. In entspannter Atmosph\u00e4re erwartet die Zuh\u00f6rer ein abwechslungsreiches Konzerterlebnis, welches trotz Abstandsregeln die Menschen miteinander verbindet und einen kurzweiligen, vergn\u00fcglichen Abend verspricht. Wiederholt konnte man die Band u. a. im Rahmen der Veranstaltungen \u201eKlassik auf dem Vulkan\u201c, \u201eTatort: Eifel\u201c h\u00f6ren. Die Gruppe besteht aus <strong>Anja Maxein (Gesang), Klaus Beh\u00fctuns-Steffens (Schlagzeug), Gerd Schlaf (Klavier) und Klaus Wahl (Kontrabass).<\/strong><\/p>\n","protected":false},"excerpt":{"rendered":"<p>Freitag 20.08.2021 19:00 Uhr im Kurpark Konzert 4 of Us &nbsp; Unter dem Titel \u201eBei mir bist du scheeen!\u201c erklingen<\/p>\n","protected":false},"author":4,"featured_media":454,"comment_status":"open","ping_status":"open","sticky":false,"template":"","format":"standard","meta":{"colormag_page_container_layout":"default_layout","colormag_page_sidebar_layout":"default_layout","footnotes":""},"categories":[16],"tags":[],"class_list":["post-436","post","type-post","status-publish","format-standard","has-post-thumbnail","hentry","category-populaere-musik"],"_links":{"self":[{"href":"https:\/\/kleinkunst-in-manderscheid.de\/index.php?rest_route=\/wp\/v2\/posts\/436","targetHints":{"allow":["GET"]}}],"collection":[{"href":"https:\/\/kleinkunst-in-manderscheid.de\/index.php?rest_route=\/wp\/v2\/posts"}],"about":[{"href":"https:\/\/kleinkunst-in-manderscheid.de\/index.php?rest_route=\/wp\/v2\/types\/post"}],"author":[{"embeddable":true,"href":"https:\/\/kleinkunst-in-manderscheid.de\/index.php?rest_route=\/wp\/v2\/users\/4"}],"replies":[{"embeddable":true,"href":"https:\/\/kleinkunst-in-manderscheid.de\/index.php?rest_route=%2Fwp%2Fv2%2Fcomments&post=436"}],"version-history":[{"count":11,"href":"https:\/\/kleinkunst-in-manderscheid.de\/index.php?rest_route=\/wp\/v2\/posts\/436\/revisions"}],"predecessor-version":[{"id":463,"href":"https:\/\/kleinkunst-in-manderscheid.de\/index.php?rest_route=\/wp\/v2\/posts\/436\/revisions\/463"}],"wp:featuredmedia":[{"embeddable":true,"href":"https:\/\/kleinkunst-in-manderscheid.de\/index.php?rest_route=\/wp\/v2\/media\/454"}],"wp:attachment":[{"href":"https:\/\/kleinkunst-in-manderscheid.de\/index.php?rest_route=%2Fwp%2Fv2%2Fmedia&parent=436"}],"wp:term":[{"taxonomy":"category","embeddable":true,"href":"https:\/\/kleinkunst-in-manderscheid.de\/index.php?rest_route=%2Fwp%2Fv2%2Fcategories&post=436"},{"taxonomy":"post_tag","embeddable":true,"href":"https:\/\/kleinkunst-in-manderscheid.de\/index.php?rest_route=%2Fwp%2Fv2%2Ftags&post=436"}],"curies":[{"name":"wp","href":"https:\/\/api.w.org\/{rel}","templated":true}]}}